{"id":309,"date":"2018-10-21T23:24:43","date_gmt":"2018-10-21T20:24:43","guid":{"rendered":"http:\/\/zubeyirkilci.com.tr\/?p=309"},"modified":"2018-12-19T15:43:17","modified_gmt":"2018-12-19T13:43:17","slug":"yeni-bir-baslangic-mi","status":"publish","type":"post","link":"https:\/\/zubeyirkilci.com.tr\/index.php\/2018\/10\/21\/yeni-bir-baslangic-mi\/","title":{"rendered":"Yeni Bir Ba\u015flang\u0131\u00e7 M\u0131?"},"content":{"rendered":"<p>Ge\u00e7ti\u011fimiz Sal\u0131 g\u00fcn\u00fc olan do\u011fum g\u00fcn\u00fcmle beraber yeni bir ba\u015flang\u0131\u00e7 yapm\u0131\u015f bulunmaktay\u0131m. Ama buradaki yeni s\u00f6zc\u00fc\u011f\u00fcn\u00fcn san\u0131rsam bir h\u00fckm\u00fc yok. Belki ka\u00e7\u0131nc\u0131 ba\u015flang\u0131\u00e7t\u0131 bu. Buradaki &#8220;M\u0131?&#8221; soru ekini de bunun i\u00e7in koymu\u015f bulunmaktay\u0131m. Yaln\u0131z tabi bu ba\u015flang\u0131\u00e7 \u00f6nceki ba\u015flang\u0131\u00e7lara nazaran biraz daha \u00f6nem arz etmekte. Hem kendimi tamamen \u00e7aresiz hissetti\u011fim bu y\u0131llarda sa\u011flam ad\u0131mlarla temelini att\u0131\u011f\u0131m bir ba\u015flang\u0131\u00e7 hem de do\u011fum g\u00fcn\u00fcmle beraber ba\u015flamas\u0131yla Z\u00fcbeyir&#8217;in tekrardan d\u00fcnya&#8217;ya merhaba demesi diye adland\u0131rabiliriz. Umar\u0131m her zaman oldu\u011fu gibi bir iki haftadan ibaret bir s\u00fcre\u00e7 olmaz. \u00d6nceki yaz\u0131da da belirtti\u011fim \u00fczere o hafta i\u00e7in k\u0131sa da olsa hi\u00e7bir \u00f6nemli geli\u015fme olmasa da ya\u015fad\u0131klar\u0131ma de\u011finece\u011fimi s\u00f6yledim. K\u0131saca belirteyim.<\/p>\n<p>Dershane sand\u0131\u011f\u0131mdan g\u00fczel ilerlemekte. Kalabal\u0131k olan s\u0131n\u0131f\u0131m\u0131z\u0131n da ikiye ayr\u0131lmas\u0131yla ve hocalar\u0131m\u0131z\u0131n dersi aktif bir \u015fekilde y\u00fcr\u00fctmesiyle derslerin de olduk\u00e7a verimli ve zevkli ge\u00e7ti\u011fini s\u00f6yleyebilirim. Bu hafta i\u00e7in hen\u00fcz konulara yeni giri\u015f oldu\u011fu i\u00e7in \u00fcnitelere ba\u015flamad\u0131m ve sadece g\u00fcnl\u00fck 30 T\u00fcrk\u00e7e ve&nbsp; 30 Matematikle haftay\u0131 tamamlad\u0131m. Tabi ayr\u0131ca kitap okumaya tekrar ba\u015flad\u0131m ve o \u00e7ok me\u015fhur olan ve \u00fcz\u00fclerekten hi\u00e7 okumam\u0131\u015f oldu\u011fum Sabahattin Ali&#8217;nin &#8220;K\u00fcrk Mantolu Madonna&#8221; roman\u0131 elime alarak kendimi daha iyi hisseti\u011fim bir hafta oldu.<\/p>\n<p><img loading=\"lazy\" decoding=\"async\" class=\"alignright  wp-image-312\" src=\"https:\/\/zubeyirkilci.com.tr\/wp-content\/uploads\/2018\/10\/romanlar.jpeg\" alt=\"\" width=\"472\" height=\"266\" srcset=\"https:\/\/zubeyirkilci.com.tr\/wp-content\/uploads\/2018\/10\/romanlar.jpeg 1600w, https:\/\/zubeyirkilci.com.tr\/wp-content\/uploads\/2018\/10\/romanlar-300x169.jpeg 300w, https:\/\/zubeyirkilci.com.tr\/wp-content\/uploads\/2018\/10\/romanlar-768x432.jpeg 768w, https:\/\/zubeyirkilci.com.tr\/wp-content\/uploads\/2018\/10\/romanlar-1024x576.jpeg 1024w, https:\/\/zubeyirkilci.com.tr\/wp-content\/uploads\/2018\/10\/romanlar-110x62.jpeg 110w, https:\/\/zubeyirkilci.com.tr\/wp-content\/uploads\/2018\/10\/romanlar-420x236.jpeg 420w, https:\/\/zubeyirkilci.com.tr\/wp-content\/uploads\/2018\/10\/romanlar-764x430.jpeg 764w\" sizes=\"auto, (max-width: 472px) 100vw, 472px\" \/>Pazar g\u00fcnleri yazaca\u011f\u0131m bu k\u0131sa yaz\u0131lara da elimde okumu\u015f oldu\u011fum ve hen\u00fcz bitmi\u015f olan romanlar da olursa \u00f6zetine \u00e7ok ama \u00e7ok k\u0131sa&nbsp;olarak ta in\u015fallah de\u011finece\u011fim. \u015eimdiye kadar okudu\u011fum yere kadar olan kitapta bahsedilen ana karakter &#8220;Raif Efendi&#8221; ger\u00e7ekten benimde \u00e7ok ilgimi \u00e7ekti. Yazar\u0131n de\u011fimiyle &#8220;Muhitinin senelerce sab\u0131rl\u0131 bir \u00e7al\u0131\u015fma ile v\u00fccuda getirdi\u011fi sahte \u015fahsiyet, as\u0131l h\u00fcviyetinin ba\u015f kald\u0131rmas\u0131na meydan vermeyecek kadar kuvvetliydi(sy.33)&#8221; yani \u00e7evresine kar\u015f\u0131 tamamen duygu ba\u011f\u0131n\u0131 koparm\u0131\u015f olan bir adam ge\u00e7mi\u015fte neler ya\u015fam\u0131\u015f olabilirdi. Bazen benim de ileride b\u00f6yle bir adam olabilece\u011fimden korkmuyor de\u011filim. Ben yap\u0131 olarak kolay kayna\u015fan fakat i\u00e7indekileri de d\u00f6kmeyen garip bir insan\u0131md\u0131r. \u0130\u00e7imdekileri d\u00f6kmeyi\u015fim kayna\u015fmama sebep de\u011fil. Ama bu y\u00fczeysel kayna\u015fmalar da olmasa galiba tamamen &#8220;Raif Efendi&#8221; olup \u00e7\u0131kaca\u011f\u0131m. Bakal\u0131m bunun sebebiyeti nedir roman\u0131n ilerleyen b\u00f6l\u00fcmlerinde \u00e7ok daha iyi anlayaca\u011f\u0131m. Bu roman\u0131n devam\u0131nda da tesad\u00fcf eseri tanesi sadece 2 liraya alm\u0131\u015f oldu\u011fu ve yine bilindik 3 tane daha romana devam edece\u011fim. Bu \u00fc\u00e7 roman\u0131 da yan tarafta payla\u015f\u0131yorum.<\/p>\n<p>\u00d6n\u00fcm\u00fczde ki hafta umar\u0131m yine g\u00fczel bir hafta olur. Yaz\u0131lar\u0131 hafta da bir yazaca\u011f\u0131m ve dersler ve gidi\u015fat hakk\u0131nda daha \u00e7ok ayr\u0131nt\u0131ya yer verece\u011fim i\u00e7in ben bile okurken biraz s\u0131k\u0131labilece\u011fimi d\u00fc\u015f\u00fcn\u00fcyorum. Ama g\u00fcnl\u00fck olma niteli\u011finde benim i\u00e7in \u00f6nem arz etmekte. \u0130n\u015fallah gelecek hafta g\u00f6r\u00fc\u015fmek \u00fczere. Sa\u011fl\u0131cakla kal\u0131n&#8230;<\/p>\n","protected":false},"excerpt":{"rendered":"<p>Ge\u00e7ti\u011fimiz Sal\u0131 g\u00fcn\u00fc olan do\u011fum g\u00fcn\u00fcmle beraber yeni bir ba\u015flang\u0131\u00e7 yapm\u0131\u015f bulunmaktay\u0131m. Ama buradaki yeni s\u00f6zc\u00fc\u011f\u00fcn\u00fcn san\u0131rsam bir h\u00fckm\u00fc yok. Belki ka\u00e7\u0131nc\u0131 ba\u015flang\u0131\u00e7t\u0131 bu. Buradaki &#8220;M\u0131?&#8221; soru ekini de bunun i\u00e7in koymu\u015f bulunmaktay\u0131m. Yaln\u0131z tabi bu ba\u015flang\u0131\u00e7 \u00f6nceki ba\u015flang\u0131\u00e7lara nazaran biraz daha \u00f6nem arz etmekte. Hem kendimi tamamen \u00e7aresiz hissetti\u011fim bu y\u0131llarda sa\u011flam ad\u0131mlarla temelini [&hellip;]<\/p>\n","protected":false},"author":1,"featured_media":313,"comment_status":"open","ping_status":"open","sticky":false,"template":"","format":"standard","meta":{"footnotes":""},"categories":[1],"tags":[79],"class_list":["post-309","post","type-post","status-publish","format-standard","has-post-thumbnail","hentry","category-denemeler","tag-yeni-bir-baslangic"],"_links":{"self":[{"href":"https:\/\/zubeyirkilci.com.tr\/index.php\/wp-json\/wp\/v2\/posts\/309","targetHints":{"allow":["GET"]}}],"collection":[{"href":"https:\/\/zubeyirkilci.com.tr\/index.php\/wp-json\/wp\/v2\/posts"}],"about":[{"href":"https:\/\/zubeyirkilci.com.tr\/index.php\/wp-json\/wp\/v2\/types\/post"}],"author":[{"embeddable":true,"href":"https:\/\/zubeyirkilci.com.tr\/index.php\/wp-json\/wp\/v2\/users\/1"}],"replies":[{"embeddable":true,"href":"https:\/\/zubeyirkilci.com.tr\/index.php\/wp-json\/wp\/v2\/comments?post=309"}],"version-history":[{"count":3,"href":"https:\/\/zubeyirkilci.com.tr\/index.php\/wp-json\/wp\/v2\/posts\/309\/revisions"}],"predecessor-version":[{"id":330,"href":"https:\/\/zubeyirkilci.com.tr\/index.php\/wp-json\/wp\/v2\/posts\/309\/revisions\/330"}],"wp:featuredmedia":[{"embeddable":true,"href":"https:\/\/zubeyirkilci.com.tr\/index.php\/wp-json\/wp\/v2\/media\/313"}],"wp:attachment":[{"href":"https:\/\/zubeyirkilci.com.tr\/index.php\/wp-json\/wp\/v2\/media?parent=309"}],"wp:term":[{"taxonomy":"category","embeddable":true,"href":"https:\/\/zubeyirkilci.com.tr\/index.php\/wp-json\/wp\/v2\/categories?post=309"},{"taxonomy":"post_tag","embeddable":true,"href":"https:\/\/zubeyirkilci.com.tr\/index.php\/wp-json\/wp\/v2\/tags?post=309"}],"curies":[{"name":"wp","href":"https:\/\/api.w.org\/{rel}","templated":true}]}}