{"id":409,"date":"2021-10-16T23:56:49","date_gmt":"2021-10-16T20:56:49","guid":{"rendered":"https:\/\/zubeyirkilci.com.tr\/?p=409"},"modified":"2021-10-17T00:06:17","modified_gmt":"2021-10-16T21:06:17","slug":"yillar-neleri-degistirdi","status":"publish","type":"post","link":"https:\/\/zubeyirkilci.com.tr\/index.php\/2021\/10\/16\/yillar-neleri-degistirdi\/","title":{"rendered":"Y\u0131llar neleri de\u011fi\u015ftirdi?"},"content":{"rendered":"\n<p>Y\u0131llar sonra c\u00fcmleye nas\u0131l ba\u015flayaca\u011f\u0131m\u0131 bilmiyorum ama \u015funu ilk olarak kesin bir \u015fekilde ifade etmek isterim ki y\u0131llar \u00e7ok \u015feyleri de\u011fi\u015ftirdi&#8230; Zaman bu; elbette bir \u015feyler de\u011fi\u015fecek, yerinde durmayacak ama k\u0131sa zaman aral\u0131\u011f\u0131nda \u00e7ok \u015feyler de\u011fi\u015firse i\u015fte buna al\u0131\u015fmak ger\u00e7ekten g\u00fc\u00e7. En sonki yaz\u0131m\u0131n \u00fczerinden neredeyse 3 y\u0131l ge\u00e7mi\u015f ve ben bu 3 y\u0131ll\u0131k s\u00fcrede size hangi yan\u015fant\u0131mdan hangi kesitleri anlatay\u0131m ki. Ba\u015f\u0131mdan ge\u00e7en onca olaylar\u0131 s\u0131ca\u011f\u0131 s\u0131ca\u011f\u0131na yazsayd\u0131m e\u011fer buray\u0131 sayfalarca dolduraca\u011f\u0131ma eminim fakat zaman\u0131n tek yetene\u011fi olan unutturmak, iyi mi k\u00f6t\u00fc m\u00fc bilmem ama ac\u0131lar\u0131 bir nebze olsun dindirdi\u011fi a\u015fikar. <\/p>\n\n\n\n<p>2019 y\u0131l\u0131 nisan ay\u0131 hayat\u0131m\u0131n en kara g\u00fcnlerinden biriydi babam\u0131 kaybedi\u015fim. Sabah kalkt\u0131\u011f\u0131mda hen\u00fcz yeni so\u011fumaya y\u00fcz tutmu\u015f so\u011fuk ellerine dokundu\u011fumdaki o \u00f6mr\u00fcm boyunca unutamaca\u011f\u0131m his. Hani r\u00fcyadas\u0131ndan uyanmak istercesine \u00e7\u0131rp\u0131n\u0131\u015flar gibiydi her an\u0131m. Ama uyan\u0131lm\u0131yordu. Hayat\u0131n \u00f6l\u00fcm ger\u00e7e\u011fi y\u00fcz\u00fcne y\u00fcz\u00fcne vuruyordu insan\u0131n. Annem mi? Onun a\u00e7\u0131s\u0131ndan bakmam \u00e7ok g\u00fc\u00e7. Ben hen\u00fcz hayata gelmem ile tan\u0131\u015ft\u0131\u011f\u0131m babamla o yakla\u015f\u0131k 50 y\u0131ld\u0131r hayat arkada\u015fl\u0131\u011f\u0131 yapm\u0131\u015ft\u0131. Sanki eli kolu ba\u011flanm\u0131\u015f gibiydi g\u00fcnlerce. Odadan odaya bile ge\u00e7meye onun hayalleri ile ge\u00e7iyor, evin bir k\u00f6\u015fesinde onun hayalinde varm\u0131\u015f hissiyat\u0131yla ya\u015f\u0131yordu. Ger\u00e7ekten de \u00f6yleydi. D\u0131\u015far\u0131dan birisi i\u00e7in bu \u00f6yle kolay anla\u015f\u0131lmazd\u0131 belki ama e\u011fer eksilen evinizden odan\u0131zdan bir ki\u015fi ise onun hayali ile bir s\u00fcre ya\u015f\u0131yorsunuz. Y\u0131l\u0131n her g\u00fcn\u00fc, ge\u00e7en y\u0131l\u0131na denk geldi\u011fi i\u00e7in bu hissiyat en az bir sene kadar s\u00fcr\u00fcyor. S\u00fcrd\u00fc de&#8230;<\/p>\n\n\n\n<p>2019 y\u0131l\u0131&#8230; Hen\u00fcz bitmemi\u015fti. Hani gelecek olan korona y\u0131l\u0131 bana hafif gelmi\u015fti art\u0131k \u00f6nceki y\u0131lda ya\u015fad\u0131klar\u0131mdan \u00f6t\u00fcr\u00fc. \u00c7\u00fcnk\u00fc 2019 hen\u00fcz bitmeden bir yaya yolcuya araba ile \u00e7arp\u0131\u015f\u0131m senenin son darbesi oldu. O an ikinci defa o, r\u00fcya olsun r\u00fcya olsun diye hayk\u0131r\u0131\u015flar\u0131m cevap bulmad\u0131. Ger\u00e7ek t\u00fcm a\u00e7\u0131kl\u0131\u011f\u0131 ile \u00f6n\u00fcmdeydi. Zorlu bir s\u00fcre\u00e7 ge\u00e7irdim. Yaya da \u00e7ok a\u011f\u0131r atlatt\u0131 ve bendeki etkisi de bir o kadar a\u011f\u0131rd\u0131. Her \u00e7alan telefondan zilden korkar oldu\u011fum d\u00f6nemlerdi. Bu s\u00fcre zarf\u0131nda zaten bende anlams\u0131z hastal\u0131klar belirdi ve \u015fu an da h\u00e2len zaman zaman s\u00fcregelmekte. Gen\u00e7 ya\u015fta tansiyon hastas\u0131 oldum \u00e7\u0131kt\u0131m. Hani derler ya insan\u0131 \u00f6ld\u00fcren hastal\u0131k de\u011fil hastal\u0131\u011fa sebebiyet veren olan ya\u015fant\u0131lar. Bunu demi\u015fken rahmetli Murat G\u00f6\u011febakan&#8217;\u0131n bir s\u00f6z\u00fc akl\u0131ma geldi. Bi konu\u015fmas\u0131nda demi\u015fti ki &#8220;Beni kanser de\u011fil e\u015fimin ihaneti vurdu&#8221; diye. Evet kanseri yenecek kadar g\u00fc\u00e7l\u00fcyd\u00fc ama ihaneti sindiremeyecek kadar onurlu bir insand\u0131. Mekan\u0131 cennet olsun&#8230;<\/p>\n\n\n\n<p>Eeee diyeceksiniz, hi\u00e7 mi g\u00fczel \u015feyler olmad\u0131? Elbette Allah her\u015feyin sabr\u0131n\u0131 veriyor ve insan\u0131n kar\u015f\u0131s\u0131na g\u00fczel \u015feyler de \u00e7\u0131k\u0131yor. 2019 dan bu yana okullarda \u00fccretli \u00f6\u011fretmenlik yapt\u0131m. Bir s\u00fcr\u00fc birbirinden renkli \u00f6\u011frencilerim oldu. Bir s\u00fcr\u00fc dostluklar ve bir s\u00fcr\u00fc hayat\u0131mda farkl\u0131 tecr\u00fcbeler edindim. Bir zaman sevmeye ad\u0131m att\u0131m ama att\u0131\u011f\u0131m ad\u0131mda pi\u015fmanl\u0131k ya\u015fad\u0131m. Bu da bir tecr\u00fcbeydi belki. Demek ki daha de\u011filmi\u015f dedim, nasip. Nasipten \u00f6te yol yoktu&#8230;<\/p>\n\n\n\n<p>\u015eimdi mi? \u015eimdi ise yine hayata bir \u015fekilde tutunmu\u015f yol al\u0131yorum. Bir lisede \u00f6\u011fretmenli\u011fe devam etmekteyim. Kadrolu olarak da bu duyguyu tatmak nasip olacak m\u0131 merak i\u00e7indeyim ama ona da nasip deyip ge\u00e7tim. B\u00fct\u00fcn bu ya\u015fad\u0131klar\u0131mdan ald\u0131\u011f\u0131m en b\u00fcy\u00fck ders; <\/p>\n\n\n\n<blockquote class=\"wp-block-quote is-style-default is-layout-flow wp-block-quote-is-layout-flow\"><p>&#8220;\u00d6l\u00fcm hep vard\u0131 ve bu d\u00fcnyada herkes \u00f6lecek. \u00d6l\u00fcm\u00fc d\u00fc\u015f\u00fcnmek \u00f6l\u00fcm\u00fc yok etmiyor. \u00d6l\u00fcmle bar\u0131\u015f\u0131k olmal\u0131 insan ki misafir oldu\u011funu her daim hat\u0131rlamal\u0131 \u015fu d\u00fcnyada. \u00d6fkeyle stresle sinirle i\u015fler yoluna girmiyor. Aksine zorla\u015ft\u0131r\u0131yor, a\u011f\u0131rla\u015ft\u0131r\u0131yor&#8230; Bar\u0131\u015f\u0131k olmal\u0131 her \u015feyle. Sevmeli \u00e7ok sevmeli insan ama bahsetti\u011fim a\u015fk de\u011fil. Kendini sevmeli. Kendini i\u015fkenceye maruz b\u0131rakacak zihnini yoracak her \u015feyden uzakla\u015fmal\u0131. \u0130nsan\u0131z duygulan\u0131r a\u011flar\u0131z. Bunlar insan oldu\u011fumuzun kan\u0131t\u0131 ama saplant\u0131l\u0131 olmamal\u0131y\u0131z. Hayat\u0131 g\u00fczelle\u015ftirmek bizim elimizde&#8230;&#8221;<\/p><\/blockquote>\n\n\n\n<p><\/p>\n\n\n\n<div class=\"wp-block-group alignwide\"><div class=\"wp-block-group__inner-container is-layout-flow wp-block-group-is-layout-flow\">\n<div class=\"wp-block-media-text alignwide has-media-on-the-right is-stacked-on-mobile is-image-fill\" style=\"grid-template-columns:auto 34%\"><figure class=\"wp-block-media-text__media\" style=\"background-image:url(https:\/\/zubeyirkilci.com.tr\/wp-content\/uploads\/2021\/10\/kulturcafe-768x1024.jpg);background-position:50% 50%\"><img loading=\"lazy\" decoding=\"async\" width=\"768\" height=\"1024\" src=\"https:\/\/zubeyirkilci.com.tr\/wp-content\/uploads\/2021\/10\/kulturcafe-768x1024.jpg\" alt=\"\" class=\"wp-image-410 size-full\" srcset=\"https:\/\/zubeyirkilci.com.tr\/wp-content\/uploads\/2021\/10\/kulturcafe-768x1024.jpg 768w, https:\/\/zubeyirkilci.com.tr\/wp-content\/uploads\/2021\/10\/kulturcafe-225x300.jpg 225w, https:\/\/zubeyirkilci.com.tr\/wp-content\/uploads\/2021\/10\/kulturcafe-83x110.jpg 83w, https:\/\/zubeyirkilci.com.tr\/wp-content\/uploads\/2021\/10\/kulturcafe-315x420.jpg 315w, https:\/\/zubeyirkilci.com.tr\/wp-content\/uploads\/2021\/10\/kulturcafe-323x430.jpg 323w, https:\/\/zubeyirkilci.com.tr\/wp-content\/uploads\/2021\/10\/kulturcafe.jpg 1000w\" sizes=\"auto, (max-width: 768px) 100vw, 768px\" \/><\/figure><div class=\"wp-block-media-text__content\">\n<p>Ve uzun y\u0131llar sonra cesaret edip kaleme ald\u0131\u011f\u0131m bu yaz\u0131m\u0131 sonland\u0131rmadan demek isterim ki; Bug\u00fcn 16 Ekim ve 32 ya\u015f\u0131ma girdim. Arkada\u015flar\u0131m bana tak\u0131lsa da inan\u0131n do\u011fum g\u00fcn\u00fc s\u00fcprizinden hi\u00e7 ho\u015flanm\u0131yorum ama hat\u0131rlanmak ba\u015fka. Y\u0131llar \u00f6ncesinde do\u011fum g\u00fcn\u00fcmle ilgili bir yaz\u0131 yazd\u0131\u011f\u0131mda &#8220;Lan Z\u00fcbeyir&#8217;in do\u011fum g\u00fcn\u00fcym\u00fc\u015f niye kutlamad\u0131n\u0131z, bak \u00e7ocuk al\u0131n\u0131yormu\u015f felan&#8221; diye dalgaya vursalar da beni anlamak isteyenin \u00e7ok iyi anlad\u0131\u011f\u0131ndan eminim. Asl\u0131na da bakarsan\u0131z bug\u00fcn zaten kimse kutlamad\u0131 ama emin olun bunu t\u00fcm samimiyetimle de s\u00f6ylerim ki bug\u00fcn nedense kimsenin hat\u0131rlamas\u0131n\u0131 istemiyorum. \u00c7\u00fcnk\u00fc sanki biri hat\u0131rlasa b\u00fcy\u00fc ka\u00e7acak gibi hissediyorum. Ve bug\u00fcn kendime bir g\u00fczellik yapt\u0131m. Onu da yanda payla\u015f\u0131yorum :). Ba\u015fta da dedim ya y\u0131llar \u00e7ok \u015feyi de\u011fi\u015ftirdi ama ancak bu kadar\u0131n\u0131 sizlerle payla\u015fabildim. Umar\u0131m art\u0131k uzun s\u00fcre yazamama cesaretsizli\u011fime bu yaz\u0131mla son vermi\u015f olurum. Kendinize iyi bak\u0131n&#8230;<\/p>\n<\/div><\/div>\n<\/div><\/div>\n\n\n\n<p><\/p>\n","protected":false},"excerpt":{"rendered":"<p>Y\u0131llar sonra c\u00fcmleye nas\u0131l ba\u015flayaca\u011f\u0131m\u0131 bilmiyorum ama \u015funu ilk olarak kesin bir \u015fekilde ifade etmek isterim ki y\u0131llar \u00e7ok \u015feyleri de\u011fi\u015ftirdi&#8230; Zaman bu; elbette bir \u015feyler de\u011fi\u015fecek, yerinde durmayacak ama k\u0131sa zaman aral\u0131\u011f\u0131nda \u00e7ok \u015feyler de\u011fi\u015firse i\u015fte buna al\u0131\u015fmak ger\u00e7ekten g\u00fc\u00e7. En sonki yaz\u0131m\u0131n \u00fczerinden neredeyse 3 y\u0131l ge\u00e7mi\u015f ve ben bu 3 y\u0131ll\u0131k s\u00fcrede [&hellip;]<\/p>\n","protected":false},"author":1,"featured_media":413,"comment_status":"open","ping_status":"open","sticky":false,"template":"","format":"standard","meta":{"footnotes":""},"categories":[1],"tags":[],"class_list":["post-409","post","type-post","status-publish","format-standard","has-post-thumbnail","hentry","category-denemeler"],"_links":{"self":[{"href":"https:\/\/zubeyirkilci.com.tr\/index.php\/wp-json\/wp\/v2\/posts\/409","targetHints":{"allow":["GET"]}}],"collection":[{"href":"https:\/\/zubeyirkilci.com.tr\/index.php\/wp-json\/wp\/v2\/posts"}],"about":[{"href":"https:\/\/zubeyirkilci.com.tr\/index.php\/wp-json\/wp\/v2\/types\/post"}],"author":[{"embeddable":true,"href":"https:\/\/zubeyirkilci.com.tr\/index.php\/wp-json\/wp\/v2\/users\/1"}],"replies":[{"embeddable":true,"href":"https:\/\/zubeyirkilci.com.tr\/index.php\/wp-json\/wp\/v2\/comments?post=409"}],"version-history":[{"count":4,"href":"https:\/\/zubeyirkilci.com.tr\/index.php\/wp-json\/wp\/v2\/posts\/409\/revisions"}],"predecessor-version":[{"id":417,"href":"https:\/\/zubeyirkilci.com.tr\/index.php\/wp-json\/wp\/v2\/posts\/409\/revisions\/417"}],"wp:featuredmedia":[{"embeddable":true,"href":"https:\/\/zubeyirkilci.com.tr\/index.php\/wp-json\/wp\/v2\/media\/413"}],"wp:attachment":[{"href":"https:\/\/zubeyirkilci.com.tr\/index.php\/wp-json\/wp\/v2\/media?parent=409"}],"wp:term":[{"taxonomy":"category","embeddable":true,"href":"https:\/\/zubeyirkilci.com.tr\/index.php\/wp-json\/wp\/v2\/categories?post=409"},{"taxonomy":"post_tag","embeddable":true,"href":"https:\/\/zubeyirkilci.com.tr\/index.php\/wp-json\/wp\/v2\/tags?post=409"}],"curies":[{"name":"wp","href":"https:\/\/api.w.org\/{rel}","templated":true}]}}